{"id":134,"date":"2019-01-15T20:47:25","date_gmt":"2019-01-15T20:47:25","guid":{"rendered":"http:\/\/www.speriodistes.info\/?p=134"},"modified":"2019-01-15T20:47:25","modified_gmt":"2019-01-15T20:47:25","slug":"lspib-reitera-el-seu-suport-a-la-vaga-dels-treballadors-dib3","status":"publish","type":"post","link":"https:\/\/spib.press\/es\/lspib-reitera-el-seu-suport-a-la-vaga-dels-treballadors-dib3\/","title":{"rendered":"L&#8217;SPIB reitera el seu suport a la vaga dels treballadors d&#8217;IB3"},"content":{"rendered":"<div dir=\"ltr\">\n<div dir=\"ltr\">\n<div>El Sindicat de Periodistes de les Illes Balears (SPIB) reitera el seu complet suport als treballadors de la radiotelevisi\u00f3 p\u00fablica de les Balears, IB3, convocats a la vaga avui, 16 de gener, per exigir les justes millores en les seves condicions laborals aix\u00ed com el compliment dels drets adquirits en anteriors concessions que els nega l&#8217;empresa, Liquid Media del grup Mediapro, adjudicat\u00e0ria a la baixa del servei d&#8217;acord amb el plec de condicions dissenyat per la cadena p\u00fablica.<\/div>\n<div><\/div>\n<div>L&#8217;empresa adjudicat\u00e0ria es desent\u00e9n de la seva obligaci\u00f3 d&#8217;incrementar el salari de part dels treballadors d&#8217;informatius en funci\u00f3 de la pujada anual de l&#8217;IPC, d&#8217;acord amb el pactat amb l&#8217;anterior concession\u00e0ria i mant\u00e9 retribucions diferents per a empleats que realitzen tasques id\u00e8ntiques a m\u00e9s d&#8217;altres aspectes en mat\u00e8ria laboral com ara la falta de pagament de plusos de viatge. D&#8217;aquesta situaci\u00f3, en s\u00f3n responsables tant els directius de Liquid Media com els de l&#8217;ens p\u00fablic, autor de la concessi\u00f3 i fixador i demandant de les obligacions que ha d&#8217;assumir el concessionari i de dotar suficientment la partida pressupost\u00e0ria que hi est\u00e0 destinada.<\/div>\n<div><\/div>\n<div>Com ha denunciat l&#8217;SPIB en moltes ocasions, els treballadors d&#8217;IB3 s\u00f3n tamb\u00e9 v\u00edctimes de la inacci\u00f3 dels pol\u00edtics de les Balears, d&#8217;un i altre color, que no semblen conscients de la seva responsabilitat a l&#8217;hora de garantir un servei p\u00fablic informatiu elaborat en condicions laborals dignes. La legislatura que est\u00e0 a punt d&#8217;acabar ha estat un nou per\u00edode perdut i els partits que governen a les illes i els seus socis parlamentaris, PSIB, Podem i M\u00c9S, han ignorat, quan ha estat a la seva m\u00e0 complir-les, les seves reiterades promeses d&#8217;internalitzaci\u00f3 dels serveis informatius d&#8217;IB3, externalitzats com ho estan tamb\u00e9 els serveis t\u00e8cnics encarregats de dur-los a terme.<\/div>\n<div><\/div>\n<div>Animem els companys de Liquid Media \/ IB3 a persistir en les seves reclamacions i ens posem a la seva disposici\u00f3 per ajudar-los a aconseguir el que ells mereixen com a treballadors i Balears, com a societat amb dret a una informaci\u00f3 elaborada professionalment i de qualitat des d&#8217;un mitj\u00e0 p\u00fablic.<\/div>\n<\/div>\n<\/div>\n","protected":false},"excerpt":{"rendered":"<p>El Sindicat de Periodistes de les Illes Balears (SPIB) reitera el seu complet suport als treballadors de la radiotelevisi\u00f3 p\u00fablica de les Balears, IB3, convocats a la vaga avui, 16 de gener, per exigir les justes millores en les seves condicions laborals aix\u00ed com el compliment dels drets adquirits en anteriors concessions que els nega [&hellip;]<\/p>\n","protected":false},"author":2,"featured_media":0,"comment_status":"open","ping_status":"open","sticky":false,"template":"","format":"standard","meta":{"footnotes":""},"categories":[9,6],"tags":[],"class_list":["post-134","post","type-post","status-publish","format-standard","hentry","category-noticies","category-spib"],"_links":{"self":[{"href":"https:\/\/spib.press\/es\/wp-json\/wp\/v2\/posts\/134","targetHints":{"allow":["GET"]}}],"collection":[{"href":"https:\/\/spib.press\/es\/wp-json\/wp\/v2\/posts"}],"about":[{"href":"https:\/\/spib.press\/es\/wp-json\/wp\/v2\/types\/post"}],"author":[{"embeddable":true,"href":"https:\/\/spib.press\/es\/wp-json\/wp\/v2\/users\/2"}],"replies":[{"embeddable":true,"href":"https:\/\/spib.press\/es\/wp-json\/wp\/v2\/comments?post=134"}],"version-history":[{"count":0,"href":"https:\/\/spib.press\/es\/wp-json\/wp\/v2\/posts\/134\/revisions"}],"wp:attachment":[{"href":"https:\/\/spib.press\/es\/wp-json\/wp\/v2\/media?parent=134"}],"wp:term":[{"taxonomy":"category","embeddable":true,"href":"https:\/\/spib.press\/es\/wp-json\/wp\/v2\/categories?post=134"},{"taxonomy":"post_tag","embeddable":true,"href":"https:\/\/spib.press\/es\/wp-json\/wp\/v2\/tags?post=134"}],"curies":[{"name":"wp","href":"https:\/\/api.w.org\/{rel}","templated":true}]}}