{"id":3609,"date":"2021-04-29T11:34:02","date_gmt":"2021-04-29T09:34:02","guid":{"rendered":"https:\/\/spib.press\/?p=3609"},"modified":"2021-04-29T11:34:02","modified_gmt":"2021-04-29T09:34:02","slug":"huelga-informativos-ib3","status":"publish","type":"post","link":"https:\/\/spib.press\/es\/huelga-informativos-ib3\/","title":{"rendered":"El SPIB apoya la huelga de IB3 y reclama la intervenci\u00f3n del Govern"},"content":{"rendered":"<h1 class=\"p1\"><span class=\"s1\"><b>Huelga en IB3<\/b><\/span><\/h1>\n<p><span style=\"font-weight: 400;\">Los trabajadores de los <strong>servicios informativos de IB3,<\/strong> subcontratados a trav\u00e9s de la empresa Dalton, est\u00e1n convocados este viernes a la huelga para defenderse de la creciente precarizaci\u00f3n de las condiciones laborales en la radio y la televisi\u00f3n p\u00fablicas de Baleares. El Sindicat de Periodistes de les Illes Balears (SPIB) respalda la movilizaci\u00f3n y reclama al Govern que asuma de una vez su responsabilidad y ponga fin a la degradaci\u00f3n del empleo en un medio de comunicaci\u00f3n del que es titular y con cuyos trabajadores tiene una deuda moral.<\/span><\/p>\n<h2><b>Cesi\u00f3n ilegal<\/b><\/h2>\n<p><span style=\"font-weight: 400;\">El <a href=\"https:\/\/twitter.com\/ComiteinfosIB3\" target=\"_blank\" rel=\"noopener\"><strong>comit\u00e9 de empresa<\/strong><\/a> radiotelevisi\u00f3n p\u00fablica de las islas <strong>llama al paro a los profesionales<\/strong> que d\u00eda a d\u00eda elaboran los informativos para exigir la supresi\u00f3n de las condiciones humillantes impuestas por Dalton para ocultar la cesi\u00f3n ilegal de trabajadores a IB3. <\/span><\/p>\n<p><span style=\"font-weight: 400;\">Los profesionales que realizan los informativos, <strong>el servicio que justifica la existencia de la radiotelevisi\u00f3n p\u00fablica<\/strong>, est\u00e1n subcontratados por otra empresa que usa los recursos p\u00fablicos y cuya \u00fanica funci\u00f3n es que IB3 pueda eludir <a href=\"https:\/\/spib.press\/es\/cumplir-internacionalizacion-ib3\/\" target=\"_blank\" rel=\"noopener\">contractar directamente a los trabajadores<\/a>. <\/span><\/p>\n<p><span style=\"font-weight: 400;\">Aunque algunos de <strong>estos profesionales llevan 16 a\u00f1os en IB3<\/strong>, la concesionaria les proh\u00edbe comunicarse directamente con los responsables de los informativos que s\u00ed est\u00e1n contratados directamente por el ente p\u00fablico y les sanciona por identificarse como trabajadores de IB3 cuando realizan coberturas period\u00edsticas para IB3.<\/span><\/p>\n<h3><b>Promesas incumplidas<\/b><span style=\"font-weight: 400;\"><br \/>\n<\/span><\/h3>\n<p><span style=\"font-weight: 400;\">Los trabajadores de IB3 se enfrentan a este desprop\u00f3sito mientras la direcci\u00f3n de la empresa p\u00fablica, encabezada por Andreu Manresa, mira hacia otro lado y <strong>el Govern incumple las promesas de internalizaci\u00f3n<\/strong> de los partidos que lo integran, PSOE, M\u00c9S per Mallorca y Podemos.<\/span><\/p>\n<p><span style=\"font-weight: 400;\">Un Govern que presume de defender los servicios p\u00fablicos y el empleo digno tiene que frenar la degradaci\u00f3n laboral en IB3. Los trabajadores lo exigen, y ellos y toda la sociedad lo merecen.<\/span><span style=\"font-weight: 400;\"><br \/>\n<\/span><span style=\"font-weight: 400;\">El SPIB pide a sus afiliados y a todos los compa\u00f1eros de profesi\u00f3n que expresen su <strong>solidaridad con los trabajadores de IB3<\/strong>, la mayor empresa de comunicaci\u00f3n de las islas y, por tanto, una referencia para todo el sector.<\/span><\/p>\n<h3>El SPIB da su apoyo a la huelga<\/h3>\n<p><iframe title=\"YouTube video player\" src=\"https:\/\/www.youtube.com\/embed\/e7LQyYIqErE\" width=\"560\" height=\"315\" frameborder=\"0\" allowfullscreen=\"allowfullscreen\"><\/iframe><\/p>\n","protected":false},"excerpt":{"rendered":"<p>Huelga en IB3 Los trabajadores de los servicios informativos de IB3, subcontratados a trav\u00e9s de la empresa Dalton, est\u00e1n convocados este viernes a la huelga para defenderse de la creciente precarizaci\u00f3n de las condiciones laborales en la radio y la televisi\u00f3n p\u00fablicas de Baleares. El Sindicat de Periodistes de les Illes Balears (SPIB) respalda la [&hellip;]<\/p>\n","protected":false},"author":30,"featured_media":3607,"comment_status":"open","ping_status":"open","sticky":false,"template":"","format":"standard","meta":{"footnotes":""},"categories":[84],"tags":[119,122,120,117,121,95,96,118],"class_list":["post-3609","post","type-post","status-publish","format-standard","has-post-thumbnail","hentry","category-comunicat-es","tag-huelga-de-periodistas","tag-huelga-ib3","tag-huelga-informativa","tag-informatius-ib3-es","tag-informativos-ib3","tag-periodisme-es","tag-periodismo","tag-vaga-periodistes-es"],"_links":{"self":[{"href":"https:\/\/spib.press\/es\/wp-json\/wp\/v2\/posts\/3609","targetHints":{"allow":["GET"]}}],"collection":[{"href":"https:\/\/spib.press\/es\/wp-json\/wp\/v2\/posts"}],"about":[{"href":"https:\/\/spib.press\/es\/wp-json\/wp\/v2\/types\/post"}],"author":[{"embeddable":true,"href":"https:\/\/spib.press\/es\/wp-json\/wp\/v2\/users\/30"}],"replies":[{"embeddable":true,"href":"https:\/\/spib.press\/es\/wp-json\/wp\/v2\/comments?post=3609"}],"version-history":[{"count":3,"href":"https:\/\/spib.press\/es\/wp-json\/wp\/v2\/posts\/3609\/revisions"}],"predecessor-version":[{"id":3612,"href":"https:\/\/spib.press\/es\/wp-json\/wp\/v2\/posts\/3609\/revisions\/3612"}],"wp:featuredmedia":[{"embeddable":true,"href":"https:\/\/spib.press\/es\/wp-json\/wp\/v2\/media\/3607"}],"wp:attachment":[{"href":"https:\/\/spib.press\/es\/wp-json\/wp\/v2\/media?parent=3609"}],"wp:term":[{"taxonomy":"category","embeddable":true,"href":"https:\/\/spib.press\/es\/wp-json\/wp\/v2\/categories?post=3609"},{"taxonomy":"post_tag","embeddable":true,"href":"https:\/\/spib.press\/es\/wp-json\/wp\/v2\/tags?post=3609"}],"curies":[{"name":"wp","href":"https:\/\/api.w.org\/{rel}","templated":true}]}}