{"id":4203,"date":"2023-10-28T16:37:38","date_gmt":"2023-10-28T14:37:38","guid":{"rendered":"https:\/\/spib.press\/l-spib-fa-una-crida-als-professionals-per-reforcar-lunic-sindicat-de-la-comunicacio-de-balears\/"},"modified":"2023-10-28T16:44:05","modified_gmt":"2023-10-28T14:44:05","slug":"el-spib-hace-un-llamamiento-a-los-profesionales-para-reforzar-el-unico-sindicato-de-la-comunicacion-de-baleares","status":"publish","type":"post","link":"https:\/\/spib.press\/es\/el-spib-hace-un-llamamiento-a-los-profesionales-para-reforzar-el-unico-sindicato-de-la-comunicacion-de-baleares\/","title":{"rendered":"EL SPIB HACE UN LLAMAMIENTO A LOS PROFESIONALES PARA REFORZAR EL \u00daNICO SINDICATO DE LA COMUNICACI\u00d3N DE BALEARES"},"content":{"rendered":"<p><span style=\"font-weight: 400;\">El Sindicat de Periodistes de les Illes Balears (SPIB) ha celebrado este s\u00e1bado un congreso extraordinario para renovar su ejecutiva tras la dimisi\u00f3n como secretario general de Urko Urbieta, a quien el congreso ha expresado su agradecimiento por su dedicaci\u00f3n en los \u00faltimos tres a\u00f1os.<\/span><\/p>\n<p><span style=\"font-weight: 400;\">En la reuni\u00f3n, a la que solo han acudido miembros de la ejecutiva y un militante hist\u00f3rico que ha renovado su afiliaci\u00f3n, no se han presentado candidaturas, por lo que se ha tomado la determinaci\u00f3n de que la actual ejecutiva se constituya en gestora provisional hasta la celebraci\u00f3n de un nuevo congreso extraordinario que se convocar\u00e1 para el 24 de febrero pr\u00f3ximo.<\/span><\/p>\n<p><span style=\"font-weight: 400;\">Despu\u00e9s de una primera etapa de saneamiento del SPIB tras a\u00f1os casi sin actividad en los que ni siquiera se cobraban cuotas, el sindicato se encuentra en una buena situaci\u00f3n econ\u00f3mica y organizativa, con 16.000 euros en su cuenta y 120 profesionales afiliados, con una web activa y un servicio jur\u00eddico al servicio de quienes lo necesiten.\u00a0<\/span><\/p>\n<p><span style=\"font-weight: 400;\">Desde el anterior congreso, celebrado en octubre de 2020,se han realizado campa\u00f1as en defensa de la profesi\u00f3n y contra la precarizaci\u00f3n y los expedientes de regulaci\u00f3n de empleo en varios medios, se ha reclamado seguridad en el trabajo durante la pandemia y se ha reivindicado el papel crucial del periodismo durante la crisis sanitaria.\u00a0<\/span><\/p>\n<p><span style=\"font-weight: 400;\">El sindicato ha elaborado y divulgado un manual de buenas pr\u00e1cticas period\u00edsticas sobre salud mental, ha puesto a disposici\u00f3n de sus afiliados una gu\u00eda de uso de Linkedin, ha organizado cursos, charlas y talleres, ha celebrado asambleas, se ha pronunciado sobre conflictos laborales y ha apoyado a los compa\u00f1eros de IB3 para la internalizaci\u00f3n de los informativos, a los de \u00daltima Hora para constituir su comit\u00e9 y negociar un nuevo convenio, entre otros. Hemos publicado manifiestos y comunicados sobre temas que afectan directamente a la profesi\u00f3n period\u00edstica y al sector de la comunicaci\u00f3n, hemos participado en la actividad de la Federaci\u00f3n de Sindicatos de Periodistas y hemos reivindicado ante el Govern la instauraci\u00f3n de cl\u00e1usulas sociales en la contrataci\u00f3n de publicidad institucional.<\/span><\/p>\n<p><span style=\"font-weight: 400;\">El Sindicat de Periodistes de les Illes Balears est\u00e1 activo y es \u00fatil. La funci\u00f3n de reivindicaci\u00f3n constante de la mejora de las condiciones de trabajo, la actividad en los comit\u00e9s y secciones sindicales y el asesoramiento jur\u00eddico ante conflictos laborales son funciones que solo puede hacer un sindicato, y el SPIB es el \u00fanico formado por profesionales de la comunicaci\u00f3n del archipi\u00e9lago. En un contexto de amenazas a la profesi\u00f3n y precarizaci\u00f3n somos m\u00e1s necesarios que nunca.<\/span><\/p>\n<p><span style=\"font-weight: 400;\">Por eso, la gestora hace un llamamiento a la participaci\u00f3n de los afiliados, y tambi\u00e9n de quienes a\u00fan no lo son, para que contribuyan al relevo de la actual direcci\u00f3n del sindicato y lo refuercen. Es el momento de participar, proponer, cambiar, criticar y construir el SPIB de los pr\u00f3ximos a\u00f1os. Nadie luchar\u00e1 por nuestro futuro si no lo hacemos nosotros.<\/span><\/p>\n<p><span style=\"font-weight: 400;\">Palma, 28 de octubre de 2023.<\/span><\/p>\n","protected":false},"excerpt":{"rendered":"<p>El Sindicat de Periodistes de les Illes Balears (SPIB) ha celebrado este s\u00e1bado un congreso extraordinario para renovar su ejecutiva tras la dimisi\u00f3n como secretario general de Urko Urbieta, a quien el congreso ha expresado su agradecimiento por su dedicaci\u00f3n en los \u00faltimos tres a\u00f1os. En la reuni\u00f3n, a la que solo han acudido miembros [&hellip;]<\/p>\n","protected":false},"author":1,"featured_media":4199,"comment_status":"open","ping_status":"open","sticky":false,"template":"","format":"standard","meta":{"footnotes":""},"categories":[84,82],"tags":[],"class_list":["post-4203","post","type-post","status-publish","format-standard","has-post-thumbnail","hentry","category-comunicat-es","category-spib-es"],"_links":{"self":[{"href":"https:\/\/spib.press\/es\/wp-json\/wp\/v2\/posts\/4203","targetHints":{"allow":["GET"]}}],"collection":[{"href":"https:\/\/spib.press\/es\/wp-json\/wp\/v2\/posts"}],"about":[{"href":"https:\/\/spib.press\/es\/wp-json\/wp\/v2\/types\/post"}],"author":[{"embeddable":true,"href":"https:\/\/spib.press\/es\/wp-json\/wp\/v2\/users\/1"}],"replies":[{"embeddable":true,"href":"https:\/\/spib.press\/es\/wp-json\/wp\/v2\/comments?post=4203"}],"version-history":[{"count":1,"href":"https:\/\/spib.press\/es\/wp-json\/wp\/v2\/posts\/4203\/revisions"}],"predecessor-version":[{"id":4204,"href":"https:\/\/spib.press\/es\/wp-json\/wp\/v2\/posts\/4203\/revisions\/4204"}],"wp:featuredmedia":[{"embeddable":true,"href":"https:\/\/spib.press\/es\/wp-json\/wp\/v2\/media\/4199"}],"wp:attachment":[{"href":"https:\/\/spib.press\/es\/wp-json\/wp\/v2\/media?parent=4203"}],"wp:term":[{"taxonomy":"category","embeddable":true,"href":"https:\/\/spib.press\/es\/wp-json\/wp\/v2\/categories?post=4203"},{"taxonomy":"post_tag","embeddable":true,"href":"https:\/\/spib.press\/es\/wp-json\/wp\/v2\/tags?post=4203"}],"curies":[{"name":"wp","href":"https:\/\/api.w.org\/{rel}","templated":true}]}}