{"id":4242,"date":"2025-01-24T10:43:22","date_gmt":"2025-01-24T09:43:22","guid":{"rendered":"https:\/\/spib.press\/es-el-moment-de-decidir-el-futur-de-lspib\/"},"modified":"2025-01-24T10:52:09","modified_gmt":"2025-01-24T09:52:09","slug":"es-el-momento-de-decidir-el-futuro-del-spib","status":"publish","type":"post","link":"https:\/\/spib.press\/es\/es-el-momento-de-decidir-el-futuro-del-spib\/","title":{"rendered":"Es el momento de decidir el futuro del SPIB"},"content":{"rendered":"<p>Estimados\/as afiliados\/as,<\/p>\n<p>Nos ponemos en contacto con vosotros para informaros de la situaci\u00f3n por la que atraviesa el Sindicato de Periodistas de Baleares. Ha pasado ya m\u00e1s de un a\u00f1o desde que se decidiera, en un congreso al que no acudi\u00f3 ni un solo afiliado, que una gestora provisional tomara las riendas del sindicato hasta la celebraci\u00f3n de un nuevo congreso extraordinario para elegir una nueva ejecutiva. <\/p>\n<p>Sin embargo, en estos m\u00e1s 14 meses la respuesta por parte de los afiliados no ha podido ser m\u00e1s desmoralizante. Nadie ha manifestado su intenci\u00f3n de dar un paso adelante para asumir o participar en la direcci\u00f3n del SPIB. Un sindicato de larga trayectoria en las islas que ha sido de utilidad para muchos profesionales del gremio. <\/p>\n<p>Con estos mimbres, una movilizaci\u00f3n de la profesi\u00f3n que pasa por sus horas m\u00e1s bajas y una precariedad que no hace sino escalar pelda\u00f1os a\u00f1o tras a\u00f1o, queremos comunicaros que la situaci\u00f3n del SPIB es terminal. Si nadie lo remedia, el Sindicato de Periodistas de Baleares est\u00e1 condenado a morir en los pr\u00f3ximos meses. <\/p>\n<p>Ante la gravedad de esta situaci\u00f3n y las implicaciones que tiene para los trabajadores del sector, la gestora quiere hacer un llamamiento a los afiliados, sobre todo a los m\u00e1s j\u00f3venes, para dar un paso adelante y comprometerse con un sindicato que ha contribuido a mejorar la situaci\u00f3n laboral de los periodistas de las islas durante d\u00e9cadas.  <\/p>\n<p>Estamos preparando la convocatoria de un congreso extraordinario, que comunicaremos lo antes posible y con una antelaci\u00f3n de 30 d\u00edas naturales, para la presentaci\u00f3n de candidaturas y votaci\u00f3n o, en caso de que este punto quede desierto, propuesta de disoluci\u00f3n.<\/p>\n<p>Esta es la \u00faltima oportunidad para poder reanimar el SPIB. Las pr\u00f3rrogas se han agotado y no quedar\u00e1 m\u00e1s remedio que disolver el sindicato. <\/p>\n<p>Palma, 24 de enero de 2025<\/p>\n","protected":false},"excerpt":{"rendered":"<p>Estimados\/as afiliados\/as, Nos ponemos en contacto con vosotros para informaros de la situaci\u00f3n por la que atraviesa el Sindicato de Periodistas de Baleares. Ha pasado ya m\u00e1s de un a\u00f1o desde que se decidiera, en un congreso al que no acudi\u00f3 ni un solo afiliado, que una gestora provisional tomara las riendas del sindicato hasta [&hellip;]<\/p>\n","protected":false},"author":1,"featured_media":4241,"comment_status":"open","ping_status":"open","sticky":false,"template":"","format":"standard","meta":{"footnotes":""},"categories":[84,82],"tags":[],"class_list":["post-4242","post","type-post","status-publish","format-standard","has-post-thumbnail","hentry","category-comunicat-es","category-spib-es"],"_links":{"self":[{"href":"https:\/\/spib.press\/es\/wp-json\/wp\/v2\/posts\/4242","targetHints":{"allow":["GET"]}}],"collection":[{"href":"https:\/\/spib.press\/es\/wp-json\/wp\/v2\/posts"}],"about":[{"href":"https:\/\/spib.press\/es\/wp-json\/wp\/v2\/types\/post"}],"author":[{"embeddable":true,"href":"https:\/\/spib.press\/es\/wp-json\/wp\/v2\/users\/1"}],"replies":[{"embeddable":true,"href":"https:\/\/spib.press\/es\/wp-json\/wp\/v2\/comments?post=4242"}],"version-history":[{"count":1,"href":"https:\/\/spib.press\/es\/wp-json\/wp\/v2\/posts\/4242\/revisions"}],"predecessor-version":[{"id":4243,"href":"https:\/\/spib.press\/es\/wp-json\/wp\/v2\/posts\/4242\/revisions\/4243"}],"wp:featuredmedia":[{"embeddable":true,"href":"https:\/\/spib.press\/es\/wp-json\/wp\/v2\/media\/4241"}],"wp:attachment":[{"href":"https:\/\/spib.press\/es\/wp-json\/wp\/v2\/media?parent=4242"}],"wp:term":[{"taxonomy":"category","embeddable":true,"href":"https:\/\/spib.press\/es\/wp-json\/wp\/v2\/categories?post=4242"},{"taxonomy":"post_tag","embeddable":true,"href":"https:\/\/spib.press\/es\/wp-json\/wp\/v2\/tags?post=4242"}],"curies":[{"name":"wp","href":"https:\/\/api.w.org\/{rel}","templated":true}]}}