{"id":4282,"date":"2025-05-24T13:29:47","date_gmt":"2025-05-24T11:29:47","guid":{"rendered":"https:\/\/spib.press\/el-congres-de-lspib-elegeix-una-executiva-encapcalada-per-victor-vivo-com-a-secretari-general\/"},"modified":"2025-05-24T13:35:49","modified_gmt":"2025-05-24T11:35:49","slug":"el-congreso-del-spib-elige-una-ejecutiva-encabezada-por-victor-vivo-como-secretario-general","status":"publish","type":"post","link":"https:\/\/spib.press\/es\/el-congreso-del-spib-elige-una-ejecutiva-encabezada-por-victor-vivo-como-secretario-general\/","title":{"rendered":"El congreso del SPIB elige una ejecutiva encabezada por V\u00edctor Viv\u00f3 como secretario general"},"content":{"rendered":"<p><img fetchpriority=\"high\" decoding=\"async\" class=\"size-medium wp-image-4272 alignleft\" src=\"https:\/\/spib.press\/wp-content\/uploads\/2025\/05\/victor-vivo-spib-secretario-general2025-201x300.jpg\" alt=\"\" width=\"201\" height=\"300\" srcset=\"https:\/\/spib.press\/wp-content\/uploads\/2025\/05\/victor-vivo-spib-secretario-general2025-201x300.jpg 201w, https:\/\/spib.press\/wp-content\/uploads\/2025\/05\/victor-vivo-spib-secretario-general2025.jpg 470w\" sizes=\"(max-width: 201px) 100vw, 201px\" \/>El Sindicat de Periodistes de les Illes Balears (SPIB) ha celebrado hoy un Congreso Extraordinario en el que se ha elegido una nueva Junta Ejecutiva. Los afiliados presentes en el Congreso han votado por unanimidad a favor de la candidatura encabezada por V\u00edctor Viv\u00f3 D\u00edaz, que ha sido elegido secretario general. Forman parte del \u00f3rgano Yolanda Serrano, secretaria de organizaci\u00f3n; Vict\u00f2ria Campins, secretaria de cuentas; y Maria Ferrer, Benjam\u00edn Palau, V\u00edctor Malag\u00f3n, Marcos Oll\u00e9s, Marga Vives, Luc\u00eda Boh\u00f3rquez y Agn\u00e8s Antich como vocales.<br \/>\nDesde octubre de 2023 el SPIB estaba gestionado por una comisi\u00f3n gestora. Con el Congreso celebrado hoy, recupera la normalidad en su estructura para afrontar los retos del sector del periodismo y la comunicaci\u00f3n.<\/p>\n<p>Palma, 24 de mayo de 2025<\/p>\n","protected":false},"excerpt":{"rendered":"<p>El Sindicat de Periodistes de les Illes Balears (SPIB) ha celebrado hoy un Congreso Extraordinario en el que se ha elegido una nueva Junta Ejecutiva. Los afiliados presentes en el Congreso han votado por unanimidad a favor de la candidatura encabezada por V\u00edctor Viv\u00f3 D\u00edaz, que ha sido elegido secretario general. Forman parte del \u00f3rgano [&hellip;]<\/p>\n","protected":false},"author":1,"featured_media":4275,"comment_status":"open","ping_status":"open","sticky":false,"template":"","format":"standard","meta":{"footnotes":""},"categories":[82],"tags":[],"class_list":["post-4282","post","type-post","status-publish","format-standard","has-post-thumbnail","hentry","category-spib-es"],"_links":{"self":[{"href":"https:\/\/spib.press\/es\/wp-json\/wp\/v2\/posts\/4282","targetHints":{"allow":["GET"]}}],"collection":[{"href":"https:\/\/spib.press\/es\/wp-json\/wp\/v2\/posts"}],"about":[{"href":"https:\/\/spib.press\/es\/wp-json\/wp\/v2\/types\/post"}],"author":[{"embeddable":true,"href":"https:\/\/spib.press\/es\/wp-json\/wp\/v2\/users\/1"}],"replies":[{"embeddable":true,"href":"https:\/\/spib.press\/es\/wp-json\/wp\/v2\/comments?post=4282"}],"version-history":[{"count":2,"href":"https:\/\/spib.press\/es\/wp-json\/wp\/v2\/posts\/4282\/revisions"}],"predecessor-version":[{"id":4285,"href":"https:\/\/spib.press\/es\/wp-json\/wp\/v2\/posts\/4282\/revisions\/4285"}],"wp:featuredmedia":[{"embeddable":true,"href":"https:\/\/spib.press\/es\/wp-json\/wp\/v2\/media\/4275"}],"wp:attachment":[{"href":"https:\/\/spib.press\/es\/wp-json\/wp\/v2\/media?parent=4282"}],"wp:term":[{"taxonomy":"category","embeddable":true,"href":"https:\/\/spib.press\/es\/wp-json\/wp\/v2\/categories?post=4282"},{"taxonomy":"post_tag","embeddable":true,"href":"https:\/\/spib.press\/es\/wp-json\/wp\/v2\/tags?post=4282"}],"curies":[{"name":"wp","href":"https:\/\/api.w.org\/{rel}","templated":true}]}}