{"id":4449,"date":"2026-09-02T14:08:56","date_gmt":"2026-09-02T12:08:56","guid":{"rendered":"https:\/\/spib.press\/?p=4449"},"modified":"2026-09-02T14:09:08","modified_gmt":"2026-09-02T12:09:08","slug":"lspib-condemna-les-situacions-dassetjament-denunciades-per-la-periodista-sabrina-vidal-a-son-espases","status":"publish","type":"post","link":"https:\/\/spib.press\/es\/lspib-condemna-les-situacions-dassetjament-denunciades-per-la-periodista-sabrina-vidal-a-son-espases\/","title":{"rendered":"L&#8217;SPIB condemna les situacions d\u2019assetjament denunciades per la periodista Sabrina Vidal a Son Espases"},"content":{"rendered":"<p>El Sindicat de Periodistes de les Illes Balears (SPIB) condemna les situacions d\u2019humiliaci\u00f3, pressi\u00f3 i desautoritzaci\u00f3 que, segons ha denunciat p\u00fablicament la periodista Sabrina Vidal, va patir durant la seva etapa en el departament de comunicaci\u00f3 de l&#8217;hospital de Son Espases.<\/p>\n<p>L&#8217;SPIB expressa el seu suport a la periodista i reclama que qualsevol possible situaci\u00f3 d\u2019assetjament laboral sigui investigada amb totes les garanties i, si correspon, es depurin responsabilitats.<\/p>\n<p>Cap professional hauria de patir aquest tipus de situacions en el seu lloc de feina. Les administracions i els responsables dels centres p\u00fablics han de garantir entorns laborals segurs i actuar davant qualsevol possible cas d\u2019assetjament.<\/p>\n","protected":false},"excerpt":{"rendered":"<p>El Sindicat de Periodistes de les Illes Balears (SPIB) condemna les situacions d\u2019humiliaci\u00f3, pressi\u00f3 i desautoritzaci\u00f3 que, segons ha denunciat p\u00fablicament la periodista Sabrina Vidal, va patir durant la seva etapa en el departament de comunicaci\u00f3 de l&#8217;hospital de Son Espases. L&#8217;SPIB expressa el seu suport a la periodista i reclama que qualsevol possible situaci\u00f3 [&hellip;]<\/p>\n","protected":false},"author":30,"featured_media":0,"comment_status":"open","ping_status":"open","sticky":false,"template":"","format":"standard","meta":{"footnotes":""},"categories":[83],"tags":[],"class_list":["post-4449","post","type-post","status-publish","format-standard","hentry","category-comunicat"],"_links":{"self":[{"href":"https:\/\/spib.press\/es\/wp-json\/wp\/v2\/posts\/4449","targetHints":{"allow":["GET"]}}],"collection":[{"href":"https:\/\/spib.press\/es\/wp-json\/wp\/v2\/posts"}],"about":[{"href":"https:\/\/spib.press\/es\/wp-json\/wp\/v2\/types\/post"}],"author":[{"embeddable":true,"href":"https:\/\/spib.press\/es\/wp-json\/wp\/v2\/users\/30"}],"replies":[{"embeddable":true,"href":"https:\/\/spib.press\/es\/wp-json\/wp\/v2\/comments?post=4449"}],"version-history":[{"count":3,"href":"https:\/\/spib.press\/es\/wp-json\/wp\/v2\/posts\/4449\/revisions"}],"predecessor-version":[{"id":4452,"href":"https:\/\/spib.press\/es\/wp-json\/wp\/v2\/posts\/4449\/revisions\/4452"}],"wp:attachment":[{"href":"https:\/\/spib.press\/es\/wp-json\/wp\/v2\/media?parent=4449"}],"wp:term":[{"taxonomy":"category","embeddable":true,"href":"https:\/\/spib.press\/es\/wp-json\/wp\/v2\/categories?post=4449"},{"taxonomy":"post_tag","embeddable":true,"href":"https:\/\/spib.press\/es\/wp-json\/wp\/v2\/tags?post=4449"}],"curies":[{"name":"wp","href":"https:\/\/api.w.org\/{rel}","templated":true}]}}